{"id":6195,"date":"2023-03-24T10:25:45","date_gmt":"2023-03-24T10:25:45","guid":{"rendered":"https:\/\/laplancia.piuper.site\/menu-pasqua-2023\/"},"modified":"2026-07-20T07:40:18","modified_gmt":"2026-07-20T07:40:18","slug":"menu-pasqua-2023","status":"publish","type":"post","link":"https:\/\/www.laplancia.it\/en\/menu-pasqua-2023\/","title":{"rendered":"Menu Pasqua 2023"},"content":{"rendered":"<p><img decoding=\"async\" class=\"cover\" src=\"\" alt=\"Cover\"><\/p>\n<h3><span><strong>Scopri tutte le nostre proposte!<\/strong><\/span><\/h3>\n<p> Prenota subito il tuo tavolo per pranzo o, se preferisci, scegli i tuoi piatti e vieni a ritirarli al ristorante: il nostro servizio di asporto \u00e8 attivo a pranzo dal Luned\u00ec alla Domenica dalle 12.00 alle 14.30 e a cena dal Venerd\u00ec al Sabato dalle 19.00 alle 22.00! <\/p>\n<p><strong>Coperto (IVA e servizio inclusi) \u20ac 3,00<\/strong><\/p>\n<p> TUTTI I PRODOTTI CHE PREPARIAMO E\/O SOMMINISTRIAMO POSSONO CONTENERE DIRETTAMENTE COME INGREDIENTE O CONTENERE SOLO LE TRACCE ( in quanto lavorati tutti negli stessi ambienti di preparazione ) LE SOSTANZE CONSIDERATE ALLERGENI SOTTO RIPORTATE : <\/p>\n<ol>\n<li>CEREALI contenenti glutine come grano, segale, orzo, avena, farro, kamut e loro ceppi ibridati e prodotti derivati<\/li>\n<li>CROSTACEI e prodotti a base di crostacei<\/li>\n<li>UOVA e prodotti a base di uova<\/li>\n<li>PESCE e prodotti a base di pesce<\/li>\n<li>ARACHIDI e prodotti a base di arachidi<\/li>\n<li>SOIA e prodotti a base di soia<\/li>\n<li>LATTE e prodotti a base di latte ( incluso lattosio )<\/li>\n<li>FRUTTA a guscio come mandorle, nocciole, noci, pistacchi e loro derivati<\/li>\n<li>SEDANO e prodotti a base di sedano<\/li>\n<li>SENAPE e prodotti a base di senape<\/li>\n<li>SEMI DI SESAMO e prodotti a base di semi di sesamo<\/li>\n<li>ANIDRIDE SOLFOROSA E SOLFITI in concentrazioni superiori a 10 mg\/kg o 10mg\/litro in termini di anidride solforosa totale<\/li>\n<li>LUPINI e prodotti a base di lupini<\/li>\n<li>MOLLUSCHI e prodotti a base di molluschi.<\/li>\n<\/ol>\n<p> TRA LE PARENTESI TROVERETE QUELLI CONTENUTI IN OGNI PIATTO. PER EVENTUALI DUBBI O CHIARIMENTI IN MERITO SI PREGA DI CHIEDERE AL PERSONALE AZIENDALE. <\/p>\n<h4>I nostri<\/h4>\n<h3>Antipasti<\/h3>\n<table>\n<tbody>\n<tr>\n<td>Carpaccio di ricciola con granella di pistacchio di Bronte e lamponi (4,8)<\/td>\n<td>\u00a0\u20ac\u00a0\u00a0\u00a0 15,00<\/td>\n<\/tr>\n<tr>\n<td><\/td>\n<td><\/td>\n<\/tr>\n<tr>\n<td>Insalata di mare tiepida con verdurine croccanti dell&#8217; orto (2,9,14)<\/td>\n<td>\u00a0\u20ac\u00a0\u00a0\u00a0 15,00<\/td>\n<\/tr>\n<tr>\n<td><\/td>\n<td><\/td>\n<\/tr>\n<tr>\n<td>Tentacolo di polpo arrostito su vellutata di piselli al profumo di menta (7,14)<\/td>\n<td>\u00a0\u20ac\u00a0\u00a0\u00a0 15,00<\/td>\n<\/tr>\n<tr>\n<td><\/td>\n<td><\/td>\n<\/tr>\n<tr>\n<td>Tris di fritti alla napoletana ( crocche&#8217; di patate ripieni di mozzarella, spiedini di melanzane alla parmigiana panati, fiore di zucca farcito con bufala e acciughina in pastella (1,3,4,7,9)<\/td>\n<td>\u00a0\u20ac\u00a0 \u00a0 12,00<\/td>\n<\/tr>\n<\/tbody>\n<\/table>\n<h4>Primi<\/h4>\n<h3>piatti<\/h3>\n<table>\n<tbody>\n<tr>\n<td>Tagliolini freschi con calamaretti spillo, fiori di zucca e pomodorini (1,3,4,9,14)<\/td>\n<td>\u00a0\u20ac\u00a0\u00a0\u00a0 15,00<\/td>\n<\/tr>\n<tr>\n<td><\/td>\n<td><\/td>\n<\/tr>\n<tr>\n<td>Risotto con capesante, favette salentine e scaglie di pecorino (7,9,14)<\/td>\n<td>\u00a0\u20ac\u00a0\u00a0\u00a0 15,00<\/td>\n<\/tr>\n<tr>\n<td><\/td>\n<td><\/td>\n<\/tr>\n<tr>\n<td>Ravioli di ricotta di bufala e scorzetta di limone con sugo di gallinella di mare e datterini gialli (1,3,4,7,9)<\/td>\n<td>\u00a0\u20ac\u00a0\u00a0\u00a0 15,00<\/td>\n<\/tr>\n<tr>\n<td><\/td>\n<td><\/td>\n<\/tr>\n<tr>\n<td>Paccheri di Gragnano con ragu&#8217; alla napoletana (1,9)<\/td>\n<td>\u00a0\u20ac\u00a0\u00a0\u00a0 12,00<\/td>\n<\/tr>\n<\/tbody>\n<\/table>\n<h4>Secondi<\/h4>\n<h3>piatti<\/h3>\n<table>\n<tbody>\n<tr>\n<td>Treccia di branzino al forno con gamberetti, asparagi di mare e pomodorini (2,4,9)<\/td>\n<td>\u00a0\u20ac\u00a0\u00a0\u00a0 20,00<\/td>\n<\/tr>\n<tr>\n<td><\/td>\n<td><\/td>\n<\/tr>\n<tr>\n<td>Millefoglie di spada con spinacini freschi e mandorle su crema di rapa rossa (4,7,9)<\/td>\n<td>\u00a0\u20ac\u00a0 \u00a0 20,00<\/td>\n<\/tr>\n<tr>\n<td><\/td>\n<td><\/td>\n<\/tr>\n<tr>\n<td>Filetto di salmone cotto a bassa temperatura al vapore con erbe aromatiche accompagnato da giardinetto di verdure miste (4,9)<\/td>\n<td>\u00a0\u20ac\u00a0\u00a0\u00a0 20,00<\/td>\n<\/tr>\n<tr>\n<td><\/td>\n<td><\/td>\n<\/tr>\n<tr>\n<td>Cosciotto d&#8217;agnello arrosto scaloppato con patate al forno al rosmarino (9)<\/td>\n<td>\u00a0\u20ac\u00a0\u00a0\u00a0 18,00<\/td>\n<\/tr>\n<\/tbody>\n<\/table>\n<h4>Dolci (Nostra produzione)<\/h4>\n<h3>e frutta<\/h3>\n<table>\n<tbody>\n<tr>\n<td>Pastiera napoletana (1,3,7)<\/td>\n<td>\u00a0\u20ac\u00a0 \u00a0 \u00a0 7,00<\/td>\n<\/tr>\n<tr>\n<td><\/td>\n<td><\/td>\n<\/tr>\n<tr>\n<td>Millefoglie con crema diplomatica e fragole (1,3,7)<\/td>\n<td>\u00a0\u20ac\u00a0 \u00a0 \u00a0 7,00<\/td>\n<\/tr>\n<tr>\n<td><\/td>\n<td><\/td>\n<\/tr>\n<tr>\n<td>Il nostro tiramisu&#8217; della Pasqua in vasetto con Nutella (1,3,7)<\/td>\n<td>\u00a0\u20ac\u00a0 \u00a0 \u00a0 7,00<\/td>\n<\/tr>\n<tr>\n<td><\/td>\n<td><\/td>\n<\/tr>\n<tr>\n<td>Tortino al cioccolato con cuore caldo su crema pasticcera (1,3,7)<\/td>\n<td>\u00a0\u20ac\u00a0 \u00a0 \u00a0 7,00<\/td>\n<\/tr>\n<tr>\n<td><\/td>\n<td><\/td>\n<\/tr>\n<tr>\n<td>Tarte tatin di mele con gelato alla vaniglia e cannella (1,3,7)<\/td>\n<td>\u00a0\u20ac\u00a0 \u00a0 \u00a0 7,00<\/td>\n<\/tr>\n<tr>\n<td><\/td>\n<td><\/td>\n<\/tr>\n<tr>\n<td>Insalata di frutta fresca, fragole, ananas<\/td>\n<td>\u00a0\u20ac\u00a0 \u00a0 \u00a0 6,00<\/td>\n<\/tr>\n<\/tbody>\n<\/table>\n<h4>Contattaci<\/h4>\n","protected":false},"excerpt":{"rendered":"<p>Scopri il nostro delizioso menu di Pasqua e goditi una festa indimenticabile con piatti gourmet.<\/p>\n","protected":false},"author":1,"featured_media":6196,"comment_status":"closed","ping_status":"closed","sticky":false,"template":"","format":"standard","meta":{"footnotes":""},"categories":[102,38],"tags":[],"class_list":["post-6195","post","type-post","status-publish","format-standard","has-post-thumbnail","hentry","category-satellite","category-senza-categoria"],"yoast_head":"<!-- This site is optimized with the Yoast SEO plugin v28.2 - https:\/\/yoast.com\/product\/yoast-seo-wordpress\/ -->\n<title>Menu di Pasqua - Ristorante La Plancia - Milano<\/title>\n<meta name=\"description\" content=\"Scopri il nostro delizioso menu di Pasqua e goditi una festa indimenticabile con piatti gourmet di alta qualit\u00e0. Prenota un tavolo.\" \/>\n<meta name=\"robots\" content=\"noindex, follow, max-snippet:-1, max-image-preview:large, max-video-preview:-1\" \/>\n<meta property=\"og:locale\" content=\"en_US\" \/>\n<meta property=\"og:type\" content=\"article\" \/>\n<meta property=\"og:title\" content=\"Menu di Pasqua - Ristorante La Plancia - Milano\" \/>\n<meta property=\"og:description\" content=\"Scopri il nostro delizioso menu di Pasqua e goditi una festa indimenticabile con piatti gourmet di alta qualit\u00e0. Prenota un tavolo.\" \/>\n<meta property=\"og:url\" content=\"https:\/\/www.laplancia.it\/en\/menu-pasqua-2023\/\" \/>\n<meta property=\"og:site_name\" content=\"La Plancia\" \/>\n<meta property=\"article:published_time\" content=\"2023-03-24T10:25:45+00:00\" \/>\n<meta property=\"article:modified_time\" content=\"2026-07-20T07:40:18+00:00\" \/>\n<meta property=\"og:image\" content=\"https:\/\/laplancia.piuper.site\/wp-content\/uploads\/2023\/03\/menu-pasqua-2023-ev.webp\" \/>\n\t<meta property=\"og:image:width\" content=\"700\" \/>\n\t<meta property=\"og:image:height\" content=\"700\" \/>\n\t<meta property=\"og:image:type\" content=\"image\/webp\" \/>\n<meta name=\"author\" content=\"admin\" \/>\n<meta name=\"twitter:card\" content=\"summary_large_image\" \/>\n<meta name=\"twitter:label1\" content=\"Written by\" \/>\n\t<meta name=\"twitter:data1\" content=\"admin\" \/>\n\t<meta name=\"twitter:label2\" content=\"Est. reading time\" \/>\n\t<meta name=\"twitter:data2\" content=\"4 minutes\" \/>\n<script type=\"application\/ld+json\" class=\"yoast-schema-graph\">{\"@context\":\"https:\\\/\\\/schema.org\",\"@graph\":[{\"@type\":\"Article\",\"@id\":\"https:\\\/\\\/www.laplancia.it\\\/en\\\/menu-pasqua-2023\\\/#article\",\"isPartOf\":{\"@id\":\"https:\\\/\\\/www.laplancia.it\\\/en\\\/menu-pasqua-2023\\\/\"},\"author\":{\"name\":\"admin\",\"@id\":\"https:\\\/\\\/laplancia.piuper.site\\\/#\\\/schema\\\/person\\\/ccef6cf871f4e260d345b0c697cdb0b6\"},\"headline\":\"Menu Pasqua 2023\",\"datePublished\":\"2023-03-24T10:25:45+00:00\",\"dateModified\":\"2026-07-20T07:40:18+00:00\",\"mainEntityOfPage\":{\"@id\":\"https:\\\/\\\/www.laplancia.it\\\/en\\\/menu-pasqua-2023\\\/\"},\"wordCount\":453,\"image\":{\"@id\":\"https:\\\/\\\/www.laplancia.it\\\/en\\\/menu-pasqua-2023\\\/#primaryimage\"},\"thumbnailUrl\":\"https:\\\/\\\/www.laplancia.it\\\/wp-content\\\/uploads\\\/2023\\\/03\\\/menu-pasqua-2023-ev.webp\",\"articleSection\":[\"Satellite\",\"Senza categoria\"],\"inLanguage\":\"en-US\"},{\"@type\":\"WebPage\",\"@id\":\"https:\\\/\\\/www.laplancia.it\\\/en\\\/menu-pasqua-2023\\\/\",\"url\":\"https:\\\/\\\/www.laplancia.it\\\/en\\\/menu-pasqua-2023\\\/\",\"name\":\"Menu di Pasqua - Ristorante La Plancia - Milano\",\"isPartOf\":{\"@id\":\"https:\\\/\\\/laplancia.piuper.site\\\/#website\"},\"primaryImageOfPage\":{\"@id\":\"https:\\\/\\\/www.laplancia.it\\\/en\\\/menu-pasqua-2023\\\/#primaryimage\"},\"image\":{\"@id\":\"https:\\\/\\\/www.laplancia.it\\\/en\\\/menu-pasqua-2023\\\/#primaryimage\"},\"thumbnailUrl\":\"https:\\\/\\\/www.laplancia.it\\\/wp-content\\\/uploads\\\/2023\\\/03\\\/menu-pasqua-2023-ev.webp\",\"datePublished\":\"2023-03-24T10:25:45+00:00\",\"dateModified\":\"2026-07-20T07:40:18+00:00\",\"author\":{\"@id\":\"https:\\\/\\\/laplancia.piuper.site\\\/#\\\/schema\\\/person\\\/ccef6cf871f4e260d345b0c697cdb0b6\"},\"description\":\"Scopri il nostro delizioso menu di Pasqua e goditi una festa indimenticabile con piatti gourmet di alta qualit\u00e0. Prenota un tavolo.\",\"breadcrumb\":{\"@id\":\"https:\\\/\\\/www.laplancia.it\\\/en\\\/menu-pasqua-2023\\\/#breadcrumb\"},\"inLanguage\":\"en-US\",\"potentialAction\":[{\"@type\":\"ReadAction\",\"target\":[\"https:\\\/\\\/www.laplancia.it\\\/en\\\/menu-pasqua-2023\\\/\"]}]},{\"@type\":\"ImageObject\",\"inLanguage\":\"en-US\",\"@id\":\"https:\\\/\\\/www.laplancia.it\\\/en\\\/menu-pasqua-2023\\\/#primaryimage\",\"url\":\"https:\\\/\\\/www.laplancia.it\\\/wp-content\\\/uploads\\\/2023\\\/03\\\/menu-pasqua-2023-ev.webp\",\"contentUrl\":\"https:\\\/\\\/www.laplancia.it\\\/wp-content\\\/uploads\\\/2023\\\/03\\\/menu-pasqua-2023-ev.webp\",\"width\":700,\"height\":700,\"caption\":\"menu pasqua 2023 ev\"},{\"@type\":\"BreadcrumbList\",\"@id\":\"https:\\\/\\\/www.laplancia.it\\\/en\\\/menu-pasqua-2023\\\/#breadcrumb\",\"itemListElement\":[{\"@type\":\"ListItem\",\"position\":1,\"name\":\"Home\",\"item\":\"https:\\\/\\\/www.laplancia.it\\\/en\\\/\"},{\"@type\":\"ListItem\",\"position\":2,\"name\":\"Menu Pasqua 2023\"}]},{\"@type\":\"WebSite\",\"@id\":\"https:\\\/\\\/laplancia.piuper.site\\\/#website\",\"url\":\"https:\\\/\\\/laplancia.piuper.site\\\/\",\"name\":\"La Plancia\",\"description\":\"\",\"potentialAction\":[{\"@type\":\"SearchAction\",\"target\":{\"@type\":\"EntryPoint\",\"urlTemplate\":\"https:\\\/\\\/laplancia.piuper.site\\\/?s={search_term_string}\"},\"query-input\":{\"@type\":\"PropertyValueSpecification\",\"valueRequired\":true,\"valueName\":\"search_term_string\"}}],\"inLanguage\":\"en-US\"},{\"@type\":\"Person\",\"@id\":\"https:\\\/\\\/laplancia.piuper.site\\\/#\\\/schema\\\/person\\\/ccef6cf871f4e260d345b0c697cdb0b6\",\"name\":\"admin\",\"image\":{\"@type\":\"ImageObject\",\"inLanguage\":\"en-US\",\"@id\":\"https:\\\/\\\/secure.gravatar.com\\\/avatar\\\/75c9e8a4d3b5ab679867fe7470dea1ab9998a810fea0d10292ae4e96b460a255?s=96&d=mm&r=g\",\"url\":\"https:\\\/\\\/secure.gravatar.com\\\/avatar\\\/75c9e8a4d3b5ab679867fe7470dea1ab9998a810fea0d10292ae4e96b460a255?s=96&d=mm&r=g\",\"contentUrl\":\"https:\\\/\\\/secure.gravatar.com\\\/avatar\\\/75c9e8a4d3b5ab679867fe7470dea1ab9998a810fea0d10292ae4e96b460a255?s=96&d=mm&r=g\",\"caption\":\"admin\"},\"sameAs\":[\"https:\\\/\\\/laplancia.piuper.site\"]}]}<\/script>\n<!-- \/ Yoast SEO plugin. -->","yoast_head_json":{"title":"Menu di Pasqua - Ristorante La Plancia - Milano","description":"Scopri il nostro delizioso menu di Pasqua e goditi una festa indimenticabile con piatti gourmet di alta qualit\u00e0. Prenota un tavolo.","robots":{"index":"noindex","follow":"follow","max-snippet":"max-snippet:-1","max-image-preview":"max-image-preview:large","max-video-preview":"max-video-preview:-1"},"og_locale":"en_US","og_type":"article","og_title":"Menu di Pasqua - Ristorante La Plancia - Milano","og_description":"Scopri il nostro delizioso menu di Pasqua e goditi una festa indimenticabile con piatti gourmet di alta qualit\u00e0. Prenota un tavolo.","og_url":"https:\/\/www.laplancia.it\/en\/menu-pasqua-2023\/","og_site_name":"La Plancia","article_published_time":"2023-03-24T10:25:45+00:00","article_modified_time":"2026-07-20T07:40:18+00:00","og_image":[{"width":700,"height":700,"url":"https:\/\/laplancia.piuper.site\/wp-content\/uploads\/2023\/03\/menu-pasqua-2023-ev.webp","type":"image\/webp"}],"author":"admin","twitter_card":"summary_large_image","twitter_misc":{"Written by":"admin","Est. reading time":"4 minutes"},"schema":{"@context":"https:\/\/schema.org","@graph":[{"@type":"Article","@id":"https:\/\/www.laplancia.it\/en\/menu-pasqua-2023\/#article","isPartOf":{"@id":"https:\/\/www.laplancia.it\/en\/menu-pasqua-2023\/"},"author":{"name":"admin","@id":"https:\/\/laplancia.piuper.site\/#\/schema\/person\/ccef6cf871f4e260d345b0c697cdb0b6"},"headline":"Menu Pasqua 2023","datePublished":"2023-03-24T10:25:45+00:00","dateModified":"2026-07-20T07:40:18+00:00","mainEntityOfPage":{"@id":"https:\/\/www.laplancia.it\/en\/menu-pasqua-2023\/"},"wordCount":453,"image":{"@id":"https:\/\/www.laplancia.it\/en\/menu-pasqua-2023\/#primaryimage"},"thumbnailUrl":"https:\/\/www.laplancia.it\/wp-content\/uploads\/2023\/03\/menu-pasqua-2023-ev.webp","articleSection":["Satellite","Senza categoria"],"inLanguage":"en-US"},{"@type":"WebPage","@id":"https:\/\/www.laplancia.it\/en\/menu-pasqua-2023\/","url":"https:\/\/www.laplancia.it\/en\/menu-pasqua-2023\/","name":"Menu di Pasqua - Ristorante La Plancia - Milano","isPartOf":{"@id":"https:\/\/laplancia.piuper.site\/#website"},"primaryImageOfPage":{"@id":"https:\/\/www.laplancia.it\/en\/menu-pasqua-2023\/#primaryimage"},"image":{"@id":"https:\/\/www.laplancia.it\/en\/menu-pasqua-2023\/#primaryimage"},"thumbnailUrl":"https:\/\/www.laplancia.it\/wp-content\/uploads\/2023\/03\/menu-pasqua-2023-ev.webp","datePublished":"2023-03-24T10:25:45+00:00","dateModified":"2026-07-20T07:40:18+00:00","author":{"@id":"https:\/\/laplancia.piuper.site\/#\/schema\/person\/ccef6cf871f4e260d345b0c697cdb0b6"},"description":"Scopri il nostro delizioso menu di Pasqua e goditi una festa indimenticabile con piatti gourmet di alta qualit\u00e0. Prenota un tavolo.","breadcrumb":{"@id":"https:\/\/www.laplancia.it\/en\/menu-pasqua-2023\/#breadcrumb"},"inLanguage":"en-US","potentialAction":[{"@type":"ReadAction","target":["https:\/\/www.laplancia.it\/en\/menu-pasqua-2023\/"]}]},{"@type":"ImageObject","inLanguage":"en-US","@id":"https:\/\/www.laplancia.it\/en\/menu-pasqua-2023\/#primaryimage","url":"https:\/\/www.laplancia.it\/wp-content\/uploads\/2023\/03\/menu-pasqua-2023-ev.webp","contentUrl":"https:\/\/www.laplancia.it\/wp-content\/uploads\/2023\/03\/menu-pasqua-2023-ev.webp","width":700,"height":700,"caption":"menu pasqua 2023 ev"},{"@type":"BreadcrumbList","@id":"https:\/\/www.laplancia.it\/en\/menu-pasqua-2023\/#breadcrumb","itemListElement":[{"@type":"ListItem","position":1,"name":"Home","item":"https:\/\/www.laplancia.it\/en\/"},{"@type":"ListItem","position":2,"name":"Menu Pasqua 2023"}]},{"@type":"WebSite","@id":"https:\/\/laplancia.piuper.site\/#website","url":"https:\/\/laplancia.piuper.site\/","name":"La Plancia","description":"","potentialAction":[{"@type":"SearchAction","target":{"@type":"EntryPoint","urlTemplate":"https:\/\/laplancia.piuper.site\/?s={search_term_string}"},"query-input":{"@type":"PropertyValueSpecification","valueRequired":true,"valueName":"search_term_string"}}],"inLanguage":"en-US"},{"@type":"Person","@id":"https:\/\/laplancia.piuper.site\/#\/schema\/person\/ccef6cf871f4e260d345b0c697cdb0b6","name":"admin","image":{"@type":"ImageObject","inLanguage":"en-US","@id":"https:\/\/secure.gravatar.com\/avatar\/75c9e8a4d3b5ab679867fe7470dea1ab9998a810fea0d10292ae4e96b460a255?s=96&d=mm&r=g","url":"https:\/\/secure.gravatar.com\/avatar\/75c9e8a4d3b5ab679867fe7470dea1ab9998a810fea0d10292ae4e96b460a255?s=96&d=mm&r=g","contentUrl":"https:\/\/secure.gravatar.com\/avatar\/75c9e8a4d3b5ab679867fe7470dea1ab9998a810fea0d10292ae4e96b460a255?s=96&d=mm&r=g","caption":"admin"},"sameAs":["https:\/\/laplancia.piuper.site"]}]}},"_links":{"self":[{"href":"https:\/\/www.laplancia.it\/en\/wp-json\/wp\/v2\/posts\/6195","targetHints":{"allow":["GET"]}}],"collection":[{"href":"https:\/\/www.laplancia.it\/en\/wp-json\/wp\/v2\/posts"}],"about":[{"href":"https:\/\/www.laplancia.it\/en\/wp-json\/wp\/v2\/types\/post"}],"author":[{"embeddable":true,"href":"https:\/\/www.laplancia.it\/en\/wp-json\/wp\/v2\/users\/1"}],"replies":[{"embeddable":true,"href":"https:\/\/www.laplancia.it\/en\/wp-json\/wp\/v2\/comments?post=6195"}],"version-history":[{"count":1,"href":"https:\/\/www.laplancia.it\/en\/wp-json\/wp\/v2\/posts\/6195\/revisions"}],"predecessor-version":[{"id":6197,"href":"https:\/\/www.laplancia.it\/en\/wp-json\/wp\/v2\/posts\/6195\/revisions\/6197"}],"wp:featuredmedia":[{"embeddable":true,"href":"https:\/\/www.laplancia.it\/en\/wp-json\/wp\/v2\/media\/6196"}],"wp:attachment":[{"href":"https:\/\/www.laplancia.it\/en\/wp-json\/wp\/v2\/media?parent=6195"}],"wp:term":[{"taxonomy":"category","embeddable":true,"href":"https:\/\/www.laplancia.it\/en\/wp-json\/wp\/v2\/categories?post=6195"},{"taxonomy":"post_tag","embeddable":true,"href":"https:\/\/www.laplancia.it\/en\/wp-json\/wp\/v2\/tags?post=6195"}],"curies":[{"name":"wp","href":"https:\/\/api.w.org\/{rel}","templated":true}]}}