{"id":6183,"date":"2024-03-01T09:49:28","date_gmt":"2024-03-01T09:49:28","guid":{"rendered":"https:\/\/laplancia.piuper.site\/menu-pasqua-2024\/"},"modified":"2026-07-20T07:38:52","modified_gmt":"2026-07-20T07:38:52","slug":"menu-pasqua-2024","status":"publish","type":"post","link":"https:\/\/www.laplancia.it\/en\/menu-pasqua-2024\/","title":{"rendered":"Menu Pasqua 2024"},"content":{"rendered":"<p><img decoding=\"async\" class=\"cover\" src=\"\" alt=\"Cover\"><\/p>\n<h3><span><strong>Scopri tutte le nostre proposte!<\/strong><\/span><\/h3>\n<p> Prenota subito il tuo tavolo per pranzo o, se preferisci, scegli i tuoi piatti e vieni a ritirarli al ristorante: il nostro servizio di asporto \u00e8 attivo a pranzo dal Luned\u00ec alla Domenica dalle 12.00 alle 14.30 e a cena dal Venerd\u00ec al Sabato dalle 19.00 alle 22.00! <\/p>\n<h4>I nostri<\/h4>\n<h3>Antipasti<\/h3>\n<table>\n<tbody>\n<tr>\n<td>Tartare di ricciola con miele, porri e semi di papavero (4)<\/td>\n<td>\u00a0\u20ac\u00a0 \u00a0 16,00<\/td>\n<\/tr>\n<tr>\n<td>Insalata di polpo con frutta esotica al profumo di menta (14)<\/td>\n<td>\u00a0\u20ac\u00a0\u00a0\u00a0 16,00<\/td>\n<\/tr>\n<tr>\n<td>Spiedo di code di gamberoni grigliati su vellutata di zucchine alla scapece (2)<\/td>\n<td>\u00a0\u20ac\u00a0\u00a0\u00a0 16,00<\/td>\n<\/tr>\n<tr>\n<td>Carciofi mammole del Cilento ripieni al forno (1,3,7)<\/td>\n<td>\u00a0\u20ac\u00a0 \u00a0 12,00<\/td>\n<\/tr>\n<\/tbody>\n<\/table>\n<h4>Primi<\/h4>\n<h3>piatti<\/h3>\n<table>\n<tbody>\n<tr>\n<td>Scialatielli amalfitani al granchio a pezzi al sugo di pomodoro San Marzano dop (1,2,4,9)<\/td>\n<td>\u00a0\u20ac\u00a0\u00a0\u00a0 15,00<\/td>\n<\/tr>\n<tr>\n<td>Risotto con scampi, erba cipollina e polvere d&#8217; arancio (2,4,7,9)<\/td>\n<td>\u00a0\u20ac\u00a0\u00a0\u00a0 15,00<\/td>\n<\/tr>\n<tr>\n<td>Fusilli campani con cozze sgusciate, purea di fave e scagliette di ricotta dura (1,4,7,9,14)<\/td>\n<td>\u00a0\u20ac\u00a0\u00a0\u00a0 15,00<\/td>\n<\/tr>\n<tr>\n<td>Paccheri di Gragnano con il nostro ragu&#8217; alla napoletana (1,9)<\/td>\n<td>\u00a0\u20ac\u00a0\u00a0\u00a0 12,00<\/td>\n<\/tr>\n<\/tbody>\n<\/table>\n<h4>Secondi<\/h4>\n<h3>piatti<\/h3>\n<table>\n<tbody>\n<tr>\n<td>Millefoglie d&#8217;ombrina con asparagi, zucca e tegole di mandorle (4,9)<\/td>\n<td>\u00a0\u20ac\u00a0\u00a0\u00a0 20,00<\/td>\n<\/tr>\n<tr>\n<td>Filetto d&#8217;orata al forno in foglia di patate, olive taggiasche, pinoli e capperi in frutto (4,8,9)<\/td>\n<td>\u00a0\u20ac\u00a0 \u00a0 20,00<\/td>\n<\/tr>\n<tr>\n<td>Tataki di tonno in crosta di terra di spinaci, stracciatella di burrata e insalatina di mango (4,7)<\/td>\n<td>\u00a0\u20ac\u00a0\u00a0\u00a0 20,00<\/td>\n<\/tr>\n<tr>\n<td>Agnello sardo arrosto al profumo di mirto con patate al forno al rosmarino (9)<\/td>\n<td>\u00a0\u20ac\u00a0 \u00a0 18,00<\/td>\n<\/tr>\n<\/tbody>\n<\/table>\n<h4>Dolci<\/h4>\n<h3>e frutta<\/h3>\n<table>\n<tbody>\n<tr>\n<td>Pastiera napoletana (1,3,7)<\/td>\n<td>\u00a0\u20ac\u00a0 \u00a0 \u00a0 7,00<\/td>\n<\/tr>\n<tr>\n<td>Millefoglie con crema diplomatica e fragole (1,3,7)<\/td>\n<td>\u00a0\u20ac\u00a0 \u00a0 \u00a0 7,00<\/td>\n<\/tr>\n<tr>\n<td>Il nostro tiramis\u00f9 della Pasqua in vasetto con Nutella (1,3,7)<\/td>\n<td>\u00a0\u20ac\u00a0 \u00a0 \u00a0 7,00<\/td>\n<\/tr>\n<tr>\n<td>Tortino al cioccolato con cuore caldo su crema pasticcera (1,3,7)<\/td>\n<td>\u00a0\u20ac\u00a0 \u00a0 \u00a0 7,00<\/td>\n<\/tr>\n<tr>\n<td>Tarte Tatin di mele con gelato alla vaniglia e cannella (1,3,7)<\/td>\n<td>\u00a0\u20ac\u00a0 \u00a0 \u00a0 7,00<\/td>\n<\/tr>\n<tr>\n<td>Insalata di frutta fresca, fragole, ananas<\/td>\n<td>\u00a0\u20ac\u00a0 \u00a0 \u00a0 6,00<\/td>\n<\/tr>\n<\/tbody>\n<\/table>\n<h4>Degustazione<\/h4>\n<h3>Rosa<\/h3>\n<table>\n<tbody>\n<tr>\n<td>1 Calice di Pink Garda Brut Ros\u00e8, 1 calice Evelyn Opera Roses e per finire in dolcezza Ballerina Vermouth Rosa<\/td>\n<td>\u00a0\u20ac\u00a0 \u00a0 \u00a0 12,00<\/td>\n<\/tr>\n<\/tbody>\n<\/table>\n<p><strong>Coperto (IVA e servizio inclusi) \u20ac 3,00<\/strong><\/p>\n<p> TUTTI I PRODOTTI CHE PREPARIAMO E\/O SOMMINISTRIAMO POSSONO CONTENERE DIRETTAMENTE COME INGREDIENTE O CONTENERE SOLO LE TRACCE ( in quanto lavorati tutti negli stessi ambienti di preparazione ) LE SOSTANZE CONSIDERATE ALLERGENI SOTTO RIPORTATE : <\/p>\n<ol>\n<li>CEREALI contenenti glutine come grano, segale, orzo, avena, farro, kamut e loro ceppi ibridati e prodotti derivati<\/li>\n<li>CROSTACEI e prodotti a base di crostacei<\/li>\n<li>UOVA e prodotti a base di uova<\/li>\n<li>PESCE e prodotti a base di pesce<\/li>\n<li>ARACHIDI e prodotti a base di arachidi<\/li>\n<li>SOIA e prodotti a base di soia<\/li>\n<li>LATTE e prodotti a base di latte ( incluso lattosio )<\/li>\n<li>FRUTTA a guscio come mandorle, nocciole, noci, pistacchi e loro derivati<\/li>\n<li>SEDANO e prodotti a base di sedano<\/li>\n<li>SENAPE e prodotti a base di senape<\/li>\n<li>SEMI DI SESAMO e prodotti a base di semi di sesamo<\/li>\n<li>ANIDRIDE SOLFOROSA E SOLFITI in concentrazioni superiori a 10 mg\/kg o 10mg\/litro in termini di anidride solforosa totale<\/li>\n<li>LUPINI e prodotti a base di lupini<\/li>\n<li>MOLLUSCHI e prodotti a base di molluschi.<\/li>\n<\/ol>\n<p> TRA LE PARENTESI TROVERETE QUELLI CONTENUTI IN OGNI PIATTO. PER EVENTUALI DUBBI O CHIARIMENTI IN MERITO SI PREGA DI CHIEDERE AL PERSONALE AZIENDALE. <\/p>\n<h4>Contattaci<\/h4>\n","protected":false},"excerpt":{"rendered":"<p>Men\u00f9 di Pasqua 2024 ricco di sapori e tradizione, scopri di pi\u00f9!<\/p>\n","protected":false},"author":1,"featured_media":6184,"comment_status":"closed","ping_status":"closed","sticky":false,"template":"","format":"standard","meta":{"footnotes":""},"categories":[102,38],"tags":[],"class_list":["post-6183","post","type-post","status-publish","format-standard","has-post-thumbnail","hentry","category-satellite","category-senza-categoria"],"yoast_head":"<!-- This site is optimized with the Yoast SEO plugin v28.2 - https:\/\/yoast.com\/product\/yoast-seo-wordpress\/ -->\n<title>Men\u00f9 di Pasqua 2024 - Ristorante La Plancia - Milano<\/title>\n<meta name=\"description\" content=\"Scopri il nostro men\u00f9 di Pasqua 2024, una vera e propria esperienza culinaria per celebrare la festivit\u00e0 in famiglia o con gli amici.\" \/>\n<meta name=\"robots\" content=\"noindex, follow, max-snippet:-1, max-image-preview:large, max-video-preview:-1\" \/>\n<meta property=\"og:locale\" content=\"en_US\" \/>\n<meta property=\"og:type\" content=\"article\" \/>\n<meta property=\"og:title\" content=\"Men\u00f9 di Pasqua 2024 - Ristorante La Plancia - Milano\" \/>\n<meta property=\"og:description\" content=\"Scopri il nostro men\u00f9 di Pasqua 2024, una vera e propria esperienza culinaria per celebrare la festivit\u00e0 in famiglia o con gli amici.\" \/>\n<meta property=\"og:url\" content=\"https:\/\/www.laplancia.it\/en\/menu-pasqua-2024\/\" \/>\n<meta property=\"og:site_name\" content=\"La Plancia\" \/>\n<meta property=\"article:published_time\" content=\"2024-03-01T09:49:28+00:00\" \/>\n<meta property=\"article:modified_time\" content=\"2026-07-20T07:38:52+00:00\" \/>\n<meta property=\"og:image\" content=\"https:\/\/laplancia.piuper.site\/wp-content\/uploads\/2024\/02\/menu-pasqua-2024-la-plancia-milano.webp\" \/>\n\t<meta property=\"og:image:width\" content=\"1080\" \/>\n\t<meta property=\"og:image:height\" content=\"1080\" \/>\n\t<meta property=\"og:image:type\" content=\"image\/webp\" \/>\n<meta name=\"author\" content=\"admin\" \/>\n<meta name=\"twitter:card\" content=\"summary_large_image\" \/>\n<meta name=\"twitter:label1\" content=\"Written by\" \/>\n\t<meta name=\"twitter:data1\" content=\"admin\" \/>\n\t<meta name=\"twitter:label2\" content=\"Est. reading time\" \/>\n\t<meta name=\"twitter:data2\" content=\"4 minutes\" \/>\n<script type=\"application\/ld+json\" class=\"yoast-schema-graph\">{\"@context\":\"https:\\\/\\\/schema.org\",\"@graph\":[{\"@type\":\"Article\",\"@id\":\"https:\\\/\\\/www.laplancia.it\\\/en\\\/menu-pasqua-2024\\\/#article\",\"isPartOf\":{\"@id\":\"https:\\\/\\\/www.laplancia.it\\\/en\\\/menu-pasqua-2024\\\/\"},\"author\":{\"name\":\"admin\",\"@id\":\"https:\\\/\\\/laplancia.piuper.site\\\/#\\\/schema\\\/person\\\/ccef6cf871f4e260d345b0c697cdb0b6\"},\"headline\":\"Menu Pasqua 2024\",\"datePublished\":\"2024-03-01T09:49:28+00:00\",\"dateModified\":\"2026-07-20T07:38:52+00:00\",\"mainEntityOfPage\":{\"@id\":\"https:\\\/\\\/www.laplancia.it\\\/en\\\/menu-pasqua-2024\\\/\"},\"wordCount\":452,\"image\":{\"@id\":\"https:\\\/\\\/www.laplancia.it\\\/en\\\/menu-pasqua-2024\\\/#primaryimage\"},\"thumbnailUrl\":\"https:\\\/\\\/www.laplancia.it\\\/wp-content\\\/uploads\\\/2024\\\/02\\\/menu-pasqua-2024-la-plancia-milano.webp\",\"articleSection\":[\"Satellite\",\"Senza categoria\"],\"inLanguage\":\"en-US\"},{\"@type\":\"WebPage\",\"@id\":\"https:\\\/\\\/www.laplancia.it\\\/en\\\/menu-pasqua-2024\\\/\",\"url\":\"https:\\\/\\\/www.laplancia.it\\\/en\\\/menu-pasqua-2024\\\/\",\"name\":\"Men\u00f9 di Pasqua 2024 - Ristorante La Plancia - Milano\",\"isPartOf\":{\"@id\":\"https:\\\/\\\/laplancia.piuper.site\\\/#website\"},\"primaryImageOfPage\":{\"@id\":\"https:\\\/\\\/www.laplancia.it\\\/en\\\/menu-pasqua-2024\\\/#primaryimage\"},\"image\":{\"@id\":\"https:\\\/\\\/www.laplancia.it\\\/en\\\/menu-pasqua-2024\\\/#primaryimage\"},\"thumbnailUrl\":\"https:\\\/\\\/www.laplancia.it\\\/wp-content\\\/uploads\\\/2024\\\/02\\\/menu-pasqua-2024-la-plancia-milano.webp\",\"datePublished\":\"2024-03-01T09:49:28+00:00\",\"dateModified\":\"2026-07-20T07:38:52+00:00\",\"author\":{\"@id\":\"https:\\\/\\\/laplancia.piuper.site\\\/#\\\/schema\\\/person\\\/ccef6cf871f4e260d345b0c697cdb0b6\"},\"description\":\"Scopri il nostro men\u00f9 di Pasqua 2024, una vera e propria esperienza culinaria per celebrare la festivit\u00e0 in famiglia o con gli amici.\",\"breadcrumb\":{\"@id\":\"https:\\\/\\\/www.laplancia.it\\\/en\\\/menu-pasqua-2024\\\/#breadcrumb\"},\"inLanguage\":\"en-US\",\"potentialAction\":[{\"@type\":\"ReadAction\",\"target\":[\"https:\\\/\\\/www.laplancia.it\\\/en\\\/menu-pasqua-2024\\\/\"]}]},{\"@type\":\"ImageObject\",\"inLanguage\":\"en-US\",\"@id\":\"https:\\\/\\\/www.laplancia.it\\\/en\\\/menu-pasqua-2024\\\/#primaryimage\",\"url\":\"https:\\\/\\\/www.laplancia.it\\\/wp-content\\\/uploads\\\/2024\\\/02\\\/menu-pasqua-2024-la-plancia-milano.webp\",\"contentUrl\":\"https:\\\/\\\/www.laplancia.it\\\/wp-content\\\/uploads\\\/2024\\\/02\\\/menu-pasqua-2024-la-plancia-milano.webp\",\"width\":1080,\"height\":1080,\"caption\":\"menu pasqua 2024 la plancia milano\"},{\"@type\":\"BreadcrumbList\",\"@id\":\"https:\\\/\\\/www.laplancia.it\\\/en\\\/menu-pasqua-2024\\\/#breadcrumb\",\"itemListElement\":[{\"@type\":\"ListItem\",\"position\":1,\"name\":\"Home\",\"item\":\"https:\\\/\\\/www.laplancia.it\\\/en\\\/\"},{\"@type\":\"ListItem\",\"position\":2,\"name\":\"Menu Pasqua 2024\"}]},{\"@type\":\"WebSite\",\"@id\":\"https:\\\/\\\/laplancia.piuper.site\\\/#website\",\"url\":\"https:\\\/\\\/laplancia.piuper.site\\\/\",\"name\":\"La Plancia\",\"description\":\"\",\"potentialAction\":[{\"@type\":\"SearchAction\",\"target\":{\"@type\":\"EntryPoint\",\"urlTemplate\":\"https:\\\/\\\/laplancia.piuper.site\\\/?s={search_term_string}\"},\"query-input\":{\"@type\":\"PropertyValueSpecification\",\"valueRequired\":true,\"valueName\":\"search_term_string\"}}],\"inLanguage\":\"en-US\"},{\"@type\":\"Person\",\"@id\":\"https:\\\/\\\/laplancia.piuper.site\\\/#\\\/schema\\\/person\\\/ccef6cf871f4e260d345b0c697cdb0b6\",\"name\":\"admin\",\"image\":{\"@type\":\"ImageObject\",\"inLanguage\":\"en-US\",\"@id\":\"https:\\\/\\\/secure.gravatar.com\\\/avatar\\\/75c9e8a4d3b5ab679867fe7470dea1ab9998a810fea0d10292ae4e96b460a255?s=96&d=mm&r=g\",\"url\":\"https:\\\/\\\/secure.gravatar.com\\\/avatar\\\/75c9e8a4d3b5ab679867fe7470dea1ab9998a810fea0d10292ae4e96b460a255?s=96&d=mm&r=g\",\"contentUrl\":\"https:\\\/\\\/secure.gravatar.com\\\/avatar\\\/75c9e8a4d3b5ab679867fe7470dea1ab9998a810fea0d10292ae4e96b460a255?s=96&d=mm&r=g\",\"caption\":\"admin\"},\"sameAs\":[\"https:\\\/\\\/laplancia.piuper.site\"]}]}<\/script>\n<!-- \/ Yoast SEO plugin. -->","yoast_head_json":{"title":"Men\u00f9 di Pasqua 2024 - Ristorante La Plancia - Milano","description":"Scopri il nostro men\u00f9 di Pasqua 2024, una vera e propria esperienza culinaria per celebrare la festivit\u00e0 in famiglia o con gli amici.","robots":{"index":"noindex","follow":"follow","max-snippet":"max-snippet:-1","max-image-preview":"max-image-preview:large","max-video-preview":"max-video-preview:-1"},"og_locale":"en_US","og_type":"article","og_title":"Men\u00f9 di Pasqua 2024 - Ristorante La Plancia - Milano","og_description":"Scopri il nostro men\u00f9 di Pasqua 2024, una vera e propria esperienza culinaria per celebrare la festivit\u00e0 in famiglia o con gli amici.","og_url":"https:\/\/www.laplancia.it\/en\/menu-pasqua-2024\/","og_site_name":"La Plancia","article_published_time":"2024-03-01T09:49:28+00:00","article_modified_time":"2026-07-20T07:38:52+00:00","og_image":[{"width":1080,"height":1080,"url":"https:\/\/laplancia.piuper.site\/wp-content\/uploads\/2024\/02\/menu-pasqua-2024-la-plancia-milano.webp","type":"image\/webp"}],"author":"admin","twitter_card":"summary_large_image","twitter_misc":{"Written by":"admin","Est. reading time":"4 minutes"},"schema":{"@context":"https:\/\/schema.org","@graph":[{"@type":"Article","@id":"https:\/\/www.laplancia.it\/en\/menu-pasqua-2024\/#article","isPartOf":{"@id":"https:\/\/www.laplancia.it\/en\/menu-pasqua-2024\/"},"author":{"name":"admin","@id":"https:\/\/laplancia.piuper.site\/#\/schema\/person\/ccef6cf871f4e260d345b0c697cdb0b6"},"headline":"Menu Pasqua 2024","datePublished":"2024-03-01T09:49:28+00:00","dateModified":"2026-07-20T07:38:52+00:00","mainEntityOfPage":{"@id":"https:\/\/www.laplancia.it\/en\/menu-pasqua-2024\/"},"wordCount":452,"image":{"@id":"https:\/\/www.laplancia.it\/en\/menu-pasqua-2024\/#primaryimage"},"thumbnailUrl":"https:\/\/www.laplancia.it\/wp-content\/uploads\/2024\/02\/menu-pasqua-2024-la-plancia-milano.webp","articleSection":["Satellite","Senza categoria"],"inLanguage":"en-US"},{"@type":"WebPage","@id":"https:\/\/www.laplancia.it\/en\/menu-pasqua-2024\/","url":"https:\/\/www.laplancia.it\/en\/menu-pasqua-2024\/","name":"Men\u00f9 di Pasqua 2024 - Ristorante La Plancia - Milano","isPartOf":{"@id":"https:\/\/laplancia.piuper.site\/#website"},"primaryImageOfPage":{"@id":"https:\/\/www.laplancia.it\/en\/menu-pasqua-2024\/#primaryimage"},"image":{"@id":"https:\/\/www.laplancia.it\/en\/menu-pasqua-2024\/#primaryimage"},"thumbnailUrl":"https:\/\/www.laplancia.it\/wp-content\/uploads\/2024\/02\/menu-pasqua-2024-la-plancia-milano.webp","datePublished":"2024-03-01T09:49:28+00:00","dateModified":"2026-07-20T07:38:52+00:00","author":{"@id":"https:\/\/laplancia.piuper.site\/#\/schema\/person\/ccef6cf871f4e260d345b0c697cdb0b6"},"description":"Scopri il nostro men\u00f9 di Pasqua 2024, una vera e propria esperienza culinaria per celebrare la festivit\u00e0 in famiglia o con gli amici.","breadcrumb":{"@id":"https:\/\/www.laplancia.it\/en\/menu-pasqua-2024\/#breadcrumb"},"inLanguage":"en-US","potentialAction":[{"@type":"ReadAction","target":["https:\/\/www.laplancia.it\/en\/menu-pasqua-2024\/"]}]},{"@type":"ImageObject","inLanguage":"en-US","@id":"https:\/\/www.laplancia.it\/en\/menu-pasqua-2024\/#primaryimage","url":"https:\/\/www.laplancia.it\/wp-content\/uploads\/2024\/02\/menu-pasqua-2024-la-plancia-milano.webp","contentUrl":"https:\/\/www.laplancia.it\/wp-content\/uploads\/2024\/02\/menu-pasqua-2024-la-plancia-milano.webp","width":1080,"height":1080,"caption":"menu pasqua 2024 la plancia milano"},{"@type":"BreadcrumbList","@id":"https:\/\/www.laplancia.it\/en\/menu-pasqua-2024\/#breadcrumb","itemListElement":[{"@type":"ListItem","position":1,"name":"Home","item":"https:\/\/www.laplancia.it\/en\/"},{"@type":"ListItem","position":2,"name":"Menu Pasqua 2024"}]},{"@type":"WebSite","@id":"https:\/\/laplancia.piuper.site\/#website","url":"https:\/\/laplancia.piuper.site\/","name":"La Plancia","description":"","potentialAction":[{"@type":"SearchAction","target":{"@type":"EntryPoint","urlTemplate":"https:\/\/laplancia.piuper.site\/?s={search_term_string}"},"query-input":{"@type":"PropertyValueSpecification","valueRequired":true,"valueName":"search_term_string"}}],"inLanguage":"en-US"},{"@type":"Person","@id":"https:\/\/laplancia.piuper.site\/#\/schema\/person\/ccef6cf871f4e260d345b0c697cdb0b6","name":"admin","image":{"@type":"ImageObject","inLanguage":"en-US","@id":"https:\/\/secure.gravatar.com\/avatar\/75c9e8a4d3b5ab679867fe7470dea1ab9998a810fea0d10292ae4e96b460a255?s=96&d=mm&r=g","url":"https:\/\/secure.gravatar.com\/avatar\/75c9e8a4d3b5ab679867fe7470dea1ab9998a810fea0d10292ae4e96b460a255?s=96&d=mm&r=g","contentUrl":"https:\/\/secure.gravatar.com\/avatar\/75c9e8a4d3b5ab679867fe7470dea1ab9998a810fea0d10292ae4e96b460a255?s=96&d=mm&r=g","caption":"admin"},"sameAs":["https:\/\/laplancia.piuper.site"]}]}},"_links":{"self":[{"href":"https:\/\/www.laplancia.it\/en\/wp-json\/wp\/v2\/posts\/6183","targetHints":{"allow":["GET"]}}],"collection":[{"href":"https:\/\/www.laplancia.it\/en\/wp-json\/wp\/v2\/posts"}],"about":[{"href":"https:\/\/www.laplancia.it\/en\/wp-json\/wp\/v2\/types\/post"}],"author":[{"embeddable":true,"href":"https:\/\/www.laplancia.it\/en\/wp-json\/wp\/v2\/users\/1"}],"replies":[{"embeddable":true,"href":"https:\/\/www.laplancia.it\/en\/wp-json\/wp\/v2\/comments?post=6183"}],"version-history":[{"count":1,"href":"https:\/\/www.laplancia.it\/en\/wp-json\/wp\/v2\/posts\/6183\/revisions"}],"predecessor-version":[{"id":6185,"href":"https:\/\/www.laplancia.it\/en\/wp-json\/wp\/v2\/posts\/6183\/revisions\/6185"}],"wp:featuredmedia":[{"embeddable":true,"href":"https:\/\/www.laplancia.it\/en\/wp-json\/wp\/v2\/media\/6184"}],"wp:attachment":[{"href":"https:\/\/www.laplancia.it\/en\/wp-json\/wp\/v2\/media?parent=6183"}],"wp:term":[{"taxonomy":"category","embeddable":true,"href":"https:\/\/www.laplancia.it\/en\/wp-json\/wp\/v2\/categories?post=6183"},{"taxonomy":"post_tag","embeddable":true,"href":"https:\/\/www.laplancia.it\/en\/wp-json\/wp\/v2\/tags?post=6183"}],"curies":[{"name":"wp","href":"https:\/\/api.w.org\/{rel}","templated":true}]}}