{"id":6156,"date":"2025-02-03T13:29:36","date_gmt":"2025-02-03T13:29:36","guid":{"rendered":"https:\/\/laplancia.piuper.site\/menu-san-valentino-2025\/"},"modified":"2026-07-20T07:33:39","modified_gmt":"2026-07-20T07:33:39","slug":"menu-san-valentino-2025","status":"publish","type":"post","link":"https:\/\/www.laplancia.it\/en\/menu-san-valentino-2025\/","title":{"rendered":"Menu San Valentino 2025"},"content":{"rendered":"<p><img decoding=\"async\" class=\"cover\" src=\"\" alt=\"Cover\"><\/p>\n<h3><span><strong>Scopri tutte le nostre proposte!<\/strong><\/span><\/h3>\n<p> Prenota subito il tuo tavolo per pranzo o, se preferisci, scegli i tuoi piatti e vieni a ritirarli al ristorante: il nostro servizio di asporto \u00e8 attivo a pranzo dal Luned\u00ec alla Domenica dalle 12.00 alle 14.30 e a cena dal Venerd\u00ec al Sabato dalle 19.00 alle 22.00! <\/p>\n<p><strong>Coperto (IVA e servizio inclusi) \u20ac 3,00<\/strong><\/p>\n<p> TUTTI I PRODOTTI CHE PREPARIAMO E\/O SOMMINISTRIAMO POSSONO CONTENERE DIRETTAMENTE COME INGREDIENTE O CONTENERE SOLO LE TRACCE ( in quanto lavorati tutti negli stessi ambienti di preparazione ) LE SOSTANZE CONSIDERATE ALLERGENI SOTTO RIPORTATE : <\/p>\n<ol>\n<li>CEREALI contenenti glutine come grano, segale, orzo, avena, farro, kamut e loro ceppi ibridati e prodotti derivati<\/li>\n<li>CROSTACEI e prodotti a base di crostacei<\/li>\n<li>UOVA e prodotti a base di uova<\/li>\n<li>PESCE e prodotti a base di pesce<\/li>\n<li>ARACHIDI e prodotti a base di arachidi<\/li>\n<li>SOIA e prodotti a base di soia<\/li>\n<li>LATTE e prodotti a base di latte ( incluso lattosio )<\/li>\n<li>FRUTTA a guscio come mandorle, nocciole, noci, pistacchi e loro derivati<\/li>\n<li>SEDANO e prodotti a base di sedano<\/li>\n<li>SENAPE e prodotti a base di senape<\/li>\n<li>SEMI DI SESAMO e prodotti a base di semi di sesamo<\/li>\n<li>ANIDRIDE SOLFOROSA E SOLFITI in concentrazioni superiori a 10 mg\/kg o 10mg\/litro in termini di anidride solforosa totale<\/li>\n<li>LUPINI e prodotti a base di lupini<\/li>\n<li>MOLLUSCHI e prodotti a base di molluschi.<\/li>\n<\/ol>\n<p> TRA LE PARENTESI TROVERETE QUELLI CONTENUTI IN OGNI PIATTO. PER EVENTUALI DUBBI O CHIARIMENTI IN MERITO SI PREGA DI CHIEDERE AL PERSONALE AZIENDALE. <\/p>\n<h4>I nostri<\/h4>\n<h3>Antipasti<\/h3>\n<table>\n<tbody>\n<tr>\n<td>Amor crudo ( 2 scampi Porcupine, 2 gamberi rossi di Mazara, 2 ostriche special de claires serviti con petali di zenzero in salamoia e cipolla rossa in agro dolce ) (2,14)<\/td>\n<td>\u00a0\u20ac\u00a0\u00a0\u00a0 24,00<\/td>\n<\/tr>\n<tr>\n<td><\/td>\n<td><\/td>\n<\/tr>\n<tr>\n<td>Carpaccio di salmone, gel di mango, semi di papavero e tegole di rapanelli (4)<\/td>\n<td>\u00a0\u20ac\u00a0\u00a0\u00a0 16,00<\/td>\n<\/tr>\n<tr>\n<td><\/td>\n<td><\/td>\n<\/tr>\n<tr>\n<td>Polpo fritto su composizione di verdurine dell&#8217; orto (14)<\/td>\n<td>\u00a0\u20ac\u00a0\u00a0\u00a0 18,00<\/td>\n<\/tr>\n<tr>\n<td><\/td>\n<td><\/td>\n<\/tr>\n<tr>\n<td>Seppioline in fiammiefero e totanetti spadellati al rosmarino su vellutata di ceci (14)<\/td>\n<td>\u00a0\u20ac\u00a0\u00a0\u00a0 16,00<\/td>\n<\/tr>\n<tr>\n<td><\/td>\n<td><\/td>\n<\/tr>\n<tr>\n<td>Involtini di bresaola con caprino alle erbe fini e insalatina di finocchi crudi (7)<\/td>\n<td>\u00a0\u20ac\u00a0\u00a0\u00a0 12,00<\/td>\n<\/tr>\n<\/tbody>\n<\/table>\n<h4>Primi<\/h4>\n<h3>piatti<\/h3>\n<table>\n<tbody>\n<tr>\n<td>Tonnarelli con cacio e pepe e tartare di gambero rosso (1,2,3,7)<\/td>\n<td>\u20ac 16,00<\/td>\n<\/tr>\n<tr>\n<td><\/td>\n<td><\/td>\n<\/tr>\n<tr>\n<td>Risotto con code di scampi, mela verde e granella di pistacchio (2,4,8,9)<\/td>\n<td>\u00a0\u20ac 16,00<\/td>\n<\/tr>\n<tr>\n<td><\/td>\n<td><\/td>\n<\/tr>\n<tr>\n<td>Paccheri con moscardini in guazzetto alla Luciana (1,4,9,14)<\/td>\n<td>\u00a0\u20ac 15,00<\/td>\n<\/tr>\n<tr>\n<td><\/td>\n<td><\/td>\n<\/tr>\n<tr>\n<td>Tagliolini neri con polpa di riccio e bottarga di muggine (1,3,4,9,14)<\/td>\n<td>\u00a0\u20ac 16,00<\/td>\n<\/tr>\n<tr>\n<td><\/td>\n<td><\/td>\n<\/tr>\n<tr>\n<td>Ravioli di magro ai tre pomodori con stracciatella di burrata (1,3,7,9)<\/td>\n<td>\u00a0\u20ac 13,00<\/td>\n<\/tr>\n<\/tbody>\n<\/table>\n<h4>Secondi<\/h4>\n<h3>piatti<\/h3>\n<table>\n<tbody>\n<tr>\n<td>Darna d&#8217; ombrina al forno con carciofo alla giudea (4)<\/td>\n<td>\u00a0\u20ac 22,00<\/td>\n<\/tr>\n<tr>\n<td><\/td>\n<td><\/td>\n<\/tr>\n<tr>\n<td>Filetto di spigola in crosta d&#8217; olive riviera su pappa al pomodoro (1,4)<\/td>\n<td>\u00a0\u20ac 22,00<\/td>\n<\/tr>\n<tr>\n<td><\/td>\n<td><\/td>\n<\/tr>\n<tr>\n<td>Trancio di pesce spada panato con insalatina alla siciliana (1,3,4)<\/td>\n<td>\u00a0\u20ac 22,00<\/td>\n<\/tr>\n<tr>\n<td><\/td>\n<td><\/td>\n<\/tr>\n<tr>\n<td>Paillard di calamari arrostiti alla sir Edward (14)<\/td>\n<td>\u00a0\u20ac 20,00<\/td>\n<\/tr>\n<tr>\n<td><\/td>\n<td><\/td>\n<\/tr>\n<tr>\n<td>Picanha di manzo alla griglia con patatine chips<\/td>\n<td>\u00a0\u20ac 20,00<\/td>\n<\/tr>\n<\/tbody>\n<\/table>\n<h4>Dolci (Nostra produzione)<\/h4>\n<h3>e frutta<\/h3>\n<table>\n<tbody>\n<tr>\n<td>Cheesecake naturale e salsa al passion fruit (1,7)<\/td>\n<td>\u00a0\u20ac 7,00<\/td>\n<\/tr>\n<tr>\n<td><\/td>\n<td><\/td>\n<\/tr>\n<tr>\n<td>Caprese al cacao e mandorle (3,7,8)<\/td>\n<td>\u00a0\u20ac 7,00<\/td>\n<\/tr>\n<tr>\n<td><\/td>\n<td><\/td>\n<\/tr>\n<tr>\n<td>Morbido di panna al pistacchio e salsa ai frutti rossi (7,8)<\/td>\n<td>\u00a0\u20ac 7,00<\/td>\n<\/tr>\n<tr>\n<td><\/td>\n<td><\/td>\n<\/tr>\n<tr>\n<td>Millefoglie con crema diplomatica e lamponi\u00a0 (1,3,7)<\/td>\n<td>\u00a0\u20ac 7,00<\/td>\n<\/tr>\n<tr>\n<td><\/td>\n<td><\/td>\n<\/tr>\n<tr>\n<td>Strudel di mele caldo con gelato alla vaniglia (1,3,7,8)<\/td>\n<td>\u00a0\u20ac 7,00<\/td>\n<\/tr>\n<tr>\n<td><\/td>\n<td><\/td>\n<\/tr>\n<tr>\n<td>Il nostro tiramisu&#8217; con nutella (1,3,7,8)a<\/td>\n<td>\u00a0\u20ac 7,00<\/td>\n<\/tr>\n<tr>\n<td><\/td>\n<td><\/td>\n<\/tr>\n<tr>\n<td>Insalata di frutta fresca &#8211; Ananas &#8211; Fragole<\/td>\n<td>\u00a0\u20ac 7,00<\/td>\n<\/tr>\n<\/tbody>\n<\/table>\n<h4>Contattaci<\/h4>\n","protected":false},"excerpt":{"rendered":"<p>Scopri il nostro menu di San Valentino per una cenetta romantica!<\/p>\n","protected":false},"author":1,"featured_media":6157,"comment_status":"closed","ping_status":"closed","sticky":false,"template":"","format":"standard","meta":{"footnotes":""},"categories":[102,38],"tags":[],"class_list":["post-6156","post","type-post","status-publish","format-standard","has-post-thumbnail","hentry","category-satellite","category-senza-categoria"],"yoast_head":"<!-- This site is optimized with the Yoast SEO plugin v28.2 - https:\/\/yoast.com\/product\/yoast-seo-wordpress\/ -->\n<title>Menu di San Valentino - Ristorante La Plancia - Milano<\/title>\n<meta name=\"description\" content=\"Cena romantica per il giorno degli innamorati? Ti aspettiamo da La Plancia a Milano con un menu alla carta speciale. Prenota un tavolo.\" \/>\n<meta name=\"robots\" content=\"noindex, follow, max-snippet:-1, max-image-preview:large, max-video-preview:-1\" \/>\n<meta property=\"og:locale\" content=\"en_US\" \/>\n<meta property=\"og:type\" content=\"article\" \/>\n<meta property=\"og:title\" content=\"Menu di San Valentino - Ristorante La Plancia - Milano\" \/>\n<meta property=\"og:description\" content=\"Cena romantica per il giorno degli innamorati? Ti aspettiamo da La Plancia a Milano con un menu alla carta speciale. Prenota un tavolo.\" \/>\n<meta property=\"og:url\" content=\"https:\/\/www.laplancia.it\/en\/menu-san-valentino-2025\/\" \/>\n<meta property=\"og:site_name\" content=\"La Plancia\" \/>\n<meta property=\"article:published_time\" content=\"2025-02-03T13:29:36+00:00\" \/>\n<meta property=\"article:modified_time\" content=\"2026-07-20T07:33:39+00:00\" \/>\n<meta property=\"og:image\" content=\"https:\/\/laplancia.piuper.site\/wp-content\/uploads\/2025\/02\/cena-san-valentino-milano-laplancia.webp\" \/>\n\t<meta property=\"og:image:width\" content=\"600\" \/>\n\t<meta property=\"og:image:height\" content=\"600\" \/>\n\t<meta property=\"og:image:type\" content=\"image\/webp\" \/>\n<meta name=\"author\" content=\"admin\" \/>\n<meta name=\"twitter:card\" content=\"summary_large_image\" \/>\n<meta name=\"twitter:label1\" content=\"Written by\" \/>\n\t<meta name=\"twitter:data1\" content=\"admin\" \/>\n\t<meta name=\"twitter:label2\" content=\"Est. reading time\" \/>\n\t<meta name=\"twitter:data2\" content=\"4 minutes\" \/>\n<script type=\"application\/ld+json\" class=\"yoast-schema-graph\">{\"@context\":\"https:\\\/\\\/schema.org\",\"@graph\":[{\"@type\":\"Article\",\"@id\":\"https:\\\/\\\/www.laplancia.it\\\/en\\\/menu-san-valentino-2025\\\/#article\",\"isPartOf\":{\"@id\":\"https:\\\/\\\/www.laplancia.it\\\/en\\\/menu-san-valentino-2025\\\/\"},\"author\":{\"name\":\"admin\",\"@id\":\"https:\\\/\\\/laplancia.piuper.site\\\/#\\\/schema\\\/person\\\/ccef6cf871f4e260d345b0c697cdb0b6\"},\"headline\":\"Menu San Valentino 2025\",\"datePublished\":\"2025-02-03T13:29:36+00:00\",\"dateModified\":\"2026-07-20T07:33:39+00:00\",\"mainEntityOfPage\":{\"@id\":\"https:\\\/\\\/www.laplancia.it\\\/en\\\/menu-san-valentino-2025\\\/\"},\"wordCount\":469,\"image\":{\"@id\":\"https:\\\/\\\/www.laplancia.it\\\/en\\\/menu-san-valentino-2025\\\/#primaryimage\"},\"thumbnailUrl\":\"https:\\\/\\\/www.laplancia.it\\\/wp-content\\\/uploads\\\/2025\\\/02\\\/cena-san-valentino-milano-laplancia.webp\",\"articleSection\":[\"Satellite\",\"Senza categoria\"],\"inLanguage\":\"en-US\"},{\"@type\":\"WebPage\",\"@id\":\"https:\\\/\\\/www.laplancia.it\\\/en\\\/menu-san-valentino-2025\\\/\",\"url\":\"https:\\\/\\\/www.laplancia.it\\\/en\\\/menu-san-valentino-2025\\\/\",\"name\":\"Menu di San Valentino - Ristorante La Plancia - Milano\",\"isPartOf\":{\"@id\":\"https:\\\/\\\/laplancia.piuper.site\\\/#website\"},\"primaryImageOfPage\":{\"@id\":\"https:\\\/\\\/www.laplancia.it\\\/en\\\/menu-san-valentino-2025\\\/#primaryimage\"},\"image\":{\"@id\":\"https:\\\/\\\/www.laplancia.it\\\/en\\\/menu-san-valentino-2025\\\/#primaryimage\"},\"thumbnailUrl\":\"https:\\\/\\\/www.laplancia.it\\\/wp-content\\\/uploads\\\/2025\\\/02\\\/cena-san-valentino-milano-laplancia.webp\",\"datePublished\":\"2025-02-03T13:29:36+00:00\",\"dateModified\":\"2026-07-20T07:33:39+00:00\",\"author\":{\"@id\":\"https:\\\/\\\/laplancia.piuper.site\\\/#\\\/schema\\\/person\\\/ccef6cf871f4e260d345b0c697cdb0b6\"},\"description\":\"Cena romantica per il giorno degli innamorati? Ti aspettiamo da La Plancia a Milano con un menu alla carta speciale. Prenota un tavolo.\",\"breadcrumb\":{\"@id\":\"https:\\\/\\\/www.laplancia.it\\\/en\\\/menu-san-valentino-2025\\\/#breadcrumb\"},\"inLanguage\":\"en-US\",\"potentialAction\":[{\"@type\":\"ReadAction\",\"target\":[\"https:\\\/\\\/www.laplancia.it\\\/en\\\/menu-san-valentino-2025\\\/\"]}]},{\"@type\":\"ImageObject\",\"inLanguage\":\"en-US\",\"@id\":\"https:\\\/\\\/www.laplancia.it\\\/en\\\/menu-san-valentino-2025\\\/#primaryimage\",\"url\":\"https:\\\/\\\/www.laplancia.it\\\/wp-content\\\/uploads\\\/2025\\\/02\\\/cena-san-valentino-milano-laplancia.webp\",\"contentUrl\":\"https:\\\/\\\/www.laplancia.it\\\/wp-content\\\/uploads\\\/2025\\\/02\\\/cena-san-valentino-milano-laplancia.webp\",\"width\":600,\"height\":600,\"caption\":\"cena san valentino milano laplancia\"},{\"@type\":\"BreadcrumbList\",\"@id\":\"https:\\\/\\\/www.laplancia.it\\\/en\\\/menu-san-valentino-2025\\\/#breadcrumb\",\"itemListElement\":[{\"@type\":\"ListItem\",\"position\":1,\"name\":\"Home\",\"item\":\"https:\\\/\\\/www.laplancia.it\\\/en\\\/\"},{\"@type\":\"ListItem\",\"position\":2,\"name\":\"Menu San Valentino 2025\"}]},{\"@type\":\"WebSite\",\"@id\":\"https:\\\/\\\/laplancia.piuper.site\\\/#website\",\"url\":\"https:\\\/\\\/laplancia.piuper.site\\\/\",\"name\":\"La Plancia\",\"description\":\"\",\"potentialAction\":[{\"@type\":\"SearchAction\",\"target\":{\"@type\":\"EntryPoint\",\"urlTemplate\":\"https:\\\/\\\/laplancia.piuper.site\\\/?s={search_term_string}\"},\"query-input\":{\"@type\":\"PropertyValueSpecification\",\"valueRequired\":true,\"valueName\":\"search_term_string\"}}],\"inLanguage\":\"en-US\"},{\"@type\":\"Person\",\"@id\":\"https:\\\/\\\/laplancia.piuper.site\\\/#\\\/schema\\\/person\\\/ccef6cf871f4e260d345b0c697cdb0b6\",\"name\":\"admin\",\"image\":{\"@type\":\"ImageObject\",\"inLanguage\":\"en-US\",\"@id\":\"https:\\\/\\\/secure.gravatar.com\\\/avatar\\\/75c9e8a4d3b5ab679867fe7470dea1ab9998a810fea0d10292ae4e96b460a255?s=96&d=mm&r=g\",\"url\":\"https:\\\/\\\/secure.gravatar.com\\\/avatar\\\/75c9e8a4d3b5ab679867fe7470dea1ab9998a810fea0d10292ae4e96b460a255?s=96&d=mm&r=g\",\"contentUrl\":\"https:\\\/\\\/secure.gravatar.com\\\/avatar\\\/75c9e8a4d3b5ab679867fe7470dea1ab9998a810fea0d10292ae4e96b460a255?s=96&d=mm&r=g\",\"caption\":\"admin\"},\"sameAs\":[\"https:\\\/\\\/laplancia.piuper.site\"]}]}<\/script>\n<!-- \/ Yoast SEO plugin. -->","yoast_head_json":{"title":"Menu di San Valentino - Ristorante La Plancia - Milano","description":"Cena romantica per il giorno degli innamorati? Ti aspettiamo da La Plancia a Milano con un menu alla carta speciale. Prenota un tavolo.","robots":{"index":"noindex","follow":"follow","max-snippet":"max-snippet:-1","max-image-preview":"max-image-preview:large","max-video-preview":"max-video-preview:-1"},"og_locale":"en_US","og_type":"article","og_title":"Menu di San Valentino - Ristorante La Plancia - Milano","og_description":"Cena romantica per il giorno degli innamorati? Ti aspettiamo da La Plancia a Milano con un menu alla carta speciale. Prenota un tavolo.","og_url":"https:\/\/www.laplancia.it\/en\/menu-san-valentino-2025\/","og_site_name":"La Plancia","article_published_time":"2025-02-03T13:29:36+00:00","article_modified_time":"2026-07-20T07:33:39+00:00","og_image":[{"width":600,"height":600,"url":"https:\/\/laplancia.piuper.site\/wp-content\/uploads\/2025\/02\/cena-san-valentino-milano-laplancia.webp","type":"image\/webp"}],"author":"admin","twitter_card":"summary_large_image","twitter_misc":{"Written by":"admin","Est. reading time":"4 minutes"},"schema":{"@context":"https:\/\/schema.org","@graph":[{"@type":"Article","@id":"https:\/\/www.laplancia.it\/en\/menu-san-valentino-2025\/#article","isPartOf":{"@id":"https:\/\/www.laplancia.it\/en\/menu-san-valentino-2025\/"},"author":{"name":"admin","@id":"https:\/\/laplancia.piuper.site\/#\/schema\/person\/ccef6cf871f4e260d345b0c697cdb0b6"},"headline":"Menu San Valentino 2025","datePublished":"2025-02-03T13:29:36+00:00","dateModified":"2026-07-20T07:33:39+00:00","mainEntityOfPage":{"@id":"https:\/\/www.laplancia.it\/en\/menu-san-valentino-2025\/"},"wordCount":469,"image":{"@id":"https:\/\/www.laplancia.it\/en\/menu-san-valentino-2025\/#primaryimage"},"thumbnailUrl":"https:\/\/www.laplancia.it\/wp-content\/uploads\/2025\/02\/cena-san-valentino-milano-laplancia.webp","articleSection":["Satellite","Senza categoria"],"inLanguage":"en-US"},{"@type":"WebPage","@id":"https:\/\/www.laplancia.it\/en\/menu-san-valentino-2025\/","url":"https:\/\/www.laplancia.it\/en\/menu-san-valentino-2025\/","name":"Menu di San Valentino - Ristorante La Plancia - Milano","isPartOf":{"@id":"https:\/\/laplancia.piuper.site\/#website"},"primaryImageOfPage":{"@id":"https:\/\/www.laplancia.it\/en\/menu-san-valentino-2025\/#primaryimage"},"image":{"@id":"https:\/\/www.laplancia.it\/en\/menu-san-valentino-2025\/#primaryimage"},"thumbnailUrl":"https:\/\/www.laplancia.it\/wp-content\/uploads\/2025\/02\/cena-san-valentino-milano-laplancia.webp","datePublished":"2025-02-03T13:29:36+00:00","dateModified":"2026-07-20T07:33:39+00:00","author":{"@id":"https:\/\/laplancia.piuper.site\/#\/schema\/person\/ccef6cf871f4e260d345b0c697cdb0b6"},"description":"Cena romantica per il giorno degli innamorati? Ti aspettiamo da La Plancia a Milano con un menu alla carta speciale. Prenota un tavolo.","breadcrumb":{"@id":"https:\/\/www.laplancia.it\/en\/menu-san-valentino-2025\/#breadcrumb"},"inLanguage":"en-US","potentialAction":[{"@type":"ReadAction","target":["https:\/\/www.laplancia.it\/en\/menu-san-valentino-2025\/"]}]},{"@type":"ImageObject","inLanguage":"en-US","@id":"https:\/\/www.laplancia.it\/en\/menu-san-valentino-2025\/#primaryimage","url":"https:\/\/www.laplancia.it\/wp-content\/uploads\/2025\/02\/cena-san-valentino-milano-laplancia.webp","contentUrl":"https:\/\/www.laplancia.it\/wp-content\/uploads\/2025\/02\/cena-san-valentino-milano-laplancia.webp","width":600,"height":600,"caption":"cena san valentino milano laplancia"},{"@type":"BreadcrumbList","@id":"https:\/\/www.laplancia.it\/en\/menu-san-valentino-2025\/#breadcrumb","itemListElement":[{"@type":"ListItem","position":1,"name":"Home","item":"https:\/\/www.laplancia.it\/en\/"},{"@type":"ListItem","position":2,"name":"Menu San Valentino 2025"}]},{"@type":"WebSite","@id":"https:\/\/laplancia.piuper.site\/#website","url":"https:\/\/laplancia.piuper.site\/","name":"La Plancia","description":"","potentialAction":[{"@type":"SearchAction","target":{"@type":"EntryPoint","urlTemplate":"https:\/\/laplancia.piuper.site\/?s={search_term_string}"},"query-input":{"@type":"PropertyValueSpecification","valueRequired":true,"valueName":"search_term_string"}}],"inLanguage":"en-US"},{"@type":"Person","@id":"https:\/\/laplancia.piuper.site\/#\/schema\/person\/ccef6cf871f4e260d345b0c697cdb0b6","name":"admin","image":{"@type":"ImageObject","inLanguage":"en-US","@id":"https:\/\/secure.gravatar.com\/avatar\/75c9e8a4d3b5ab679867fe7470dea1ab9998a810fea0d10292ae4e96b460a255?s=96&d=mm&r=g","url":"https:\/\/secure.gravatar.com\/avatar\/75c9e8a4d3b5ab679867fe7470dea1ab9998a810fea0d10292ae4e96b460a255?s=96&d=mm&r=g","contentUrl":"https:\/\/secure.gravatar.com\/avatar\/75c9e8a4d3b5ab679867fe7470dea1ab9998a810fea0d10292ae4e96b460a255?s=96&d=mm&r=g","caption":"admin"},"sameAs":["https:\/\/laplancia.piuper.site"]}]}},"_links":{"self":[{"href":"https:\/\/www.laplancia.it\/en\/wp-json\/wp\/v2\/posts\/6156","targetHints":{"allow":["GET"]}}],"collection":[{"href":"https:\/\/www.laplancia.it\/en\/wp-json\/wp\/v2\/posts"}],"about":[{"href":"https:\/\/www.laplancia.it\/en\/wp-json\/wp\/v2\/types\/post"}],"author":[{"embeddable":true,"href":"https:\/\/www.laplancia.it\/en\/wp-json\/wp\/v2\/users\/1"}],"replies":[{"embeddable":true,"href":"https:\/\/www.laplancia.it\/en\/wp-json\/wp\/v2\/comments?post=6156"}],"version-history":[{"count":1,"href":"https:\/\/www.laplancia.it\/en\/wp-json\/wp\/v2\/posts\/6156\/revisions"}],"predecessor-version":[{"id":6158,"href":"https:\/\/www.laplancia.it\/en\/wp-json\/wp\/v2\/posts\/6156\/revisions\/6158"}],"wp:featuredmedia":[{"embeddable":true,"href":"https:\/\/www.laplancia.it\/en\/wp-json\/wp\/v2\/media\/6157"}],"wp:attachment":[{"href":"https:\/\/www.laplancia.it\/en\/wp-json\/wp\/v2\/media?parent=6156"}],"wp:term":[{"taxonomy":"category","embeddable":true,"href":"https:\/\/www.laplancia.it\/en\/wp-json\/wp\/v2\/categories?post=6156"},{"taxonomy":"post_tag","embeddable":true,"href":"https:\/\/www.laplancia.it\/en\/wp-json\/wp\/v2\/tags?post=6156"}],"curies":[{"name":"wp","href":"https:\/\/api.w.org\/{rel}","templated":true}]}}